{"id":1665,"date":"2016-01-04T16:46:45","date_gmt":"2016-01-04T15:46:45","guid":{"rendered":"http:\/\/galerie-sheriban-tuerkmen.de\/?p=1665"},"modified":"2023-03-21T09:49:30","modified_gmt":"2023-03-21T08:49:30","slug":"ausstellung-von-holger-schnell","status":"publish","type":"post","link":"https:\/\/sheriban-tuerkmen.de\/en\/ausstellung-von-holger-schnell\/","title":{"rendered":"Ausstellung von Holger Schnel"},"content":{"rendered":"<h2>&#8220;Severe Beauty &#8211; Strenge Sch\u00f6nheit&#8221;<\/h2>\n<p>\n\t\t<style type=\"text\/css\">\n\t\t\t#gallery-1 {\n\t\t\t\tmargin: auto;\n\t\t\t}\n\t\t\t#gallery-1 .gallery-item {\n\t\t\t\tfloat: left;\n\t\t\t\tmargin-top: 10px;\n\t\t\t\ttext-align: center;\n\t\t\t\twidth: 20%;\n\t\t\t}\n\t\t\t#gallery-1 img {\n\t\t\t\tborder: 2px solid #cfcfcf;\n\t\t\t}\n\t\t\t#gallery-1 .gallery-caption {\n\t\t\t\tmargin-left: 0;\n\t\t\t}\n\t\t\t\/* see gallery_shortcode() in wp-includes\/media.php *\/\n\t\t<\/style>\n\t\t<div id='gallery-1' class='gallery galleryid-1665 gallery-columns-5 gallery-size-thumbnail'><dl class='gallery-item'>\n\t\t\t<dt class='gallery-icon landscape'>\n\t\t\t\t<a href='https:\/\/sheriban-tuerkmen.de\/wp-content\/uploads\/Squared-II.jpg'><img loading=\"lazy\" decoding=\"async\" width=\"150\" height=\"150\" src=\"https:\/\/sheriban-tuerkmen.de\/wp-content\/uploads\/Squared-II-150x150.jpg\" class=\"attachment-thumbnail size-thumbnail\" alt=\"\" srcset=\"https:\/\/sheriban-tuerkmen.de\/wp-content\/uploads\/Squared-II-150x150.jpg 150w, https:\/\/sheriban-tuerkmen.de\/wp-content\/uploads\/Squared-II-800x800.jpg 800w, https:\/\/sheriban-tuerkmen.de\/wp-content\/uploads\/Squared-II-768x768.jpg 768w, https:\/\/sheriban-tuerkmen.de\/wp-content\/uploads\/Squared-II-400x400.jpg 400w, https:\/\/sheriban-tuerkmen.de\/wp-content\/uploads\/Squared-II-100x100.jpg 100w, https:\/\/sheriban-tuerkmen.de\/wp-content\/uploads\/Squared-II-300x300.jpg 300w, https:\/\/sheriban-tuerkmen.de\/wp-content\/uploads\/Squared-II-600x600.jpg 600w, https:\/\/sheriban-tuerkmen.de\/wp-content\/uploads\/Squared-II.jpg 909w\" sizes=\"(max-width: 150px) 100vw, 150px\" \/><\/a>\n\t\t\t<\/dt><\/dl><dl class='gallery-item'>\n\t\t\t<dt class='gallery-icon landscape'>\n\t\t\t\t<a href='https:\/\/sheriban-tuerkmen.de\/wp-content\/uploads\/Implied-Transparency.jpg'><img loading=\"lazy\" decoding=\"async\" width=\"150\" height=\"150\" src=\"https:\/\/sheriban-tuerkmen.de\/wp-content\/uploads\/Implied-Transparency-150x150.jpg\" class=\"attachment-thumbnail size-thumbnail\" alt=\"\" srcset=\"https:\/\/sheriban-tuerkmen.de\/wp-content\/uploads\/Implied-Transparency-150x150.jpg 150w, https:\/\/sheriban-tuerkmen.de\/wp-content\/uploads\/Implied-Transparency-400x400.jpg 400w, https:\/\/sheriban-tuerkmen.de\/wp-content\/uploads\/Implied-Transparency-100x100.jpg 100w\" sizes=\"(max-width: 150px) 100vw, 150px\" \/><\/a>\n\t\t\t<\/dt><\/dl><dl class='gallery-item'>\n\t\t\t<dt class='gallery-icon landscape'>\n\t\t\t\t<a href='https:\/\/sheriban-tuerkmen.de\/wp-content\/uploads\/Severe-Beauty-White-Wall-III.jpg'><img loading=\"lazy\" decoding=\"async\" width=\"150\" height=\"150\" src=\"https:\/\/sheriban-tuerkmen.de\/wp-content\/uploads\/Severe-Beauty-White-Wall-III-150x150.jpg\" class=\"attachment-thumbnail size-thumbnail\" alt=\"\" srcset=\"https:\/\/sheriban-tuerkmen.de\/wp-content\/uploads\/Severe-Beauty-White-Wall-III-150x150.jpg 150w, https:\/\/sheriban-tuerkmen.de\/wp-content\/uploads\/Severe-Beauty-White-Wall-III-400x400.jpg 400w, https:\/\/sheriban-tuerkmen.de\/wp-content\/uploads\/Severe-Beauty-White-Wall-III-100x100.jpg 100w\" sizes=\"(max-width: 150px) 100vw, 150px\" \/><\/a>\n\t\t\t<\/dt><\/dl><dl class='gallery-item'>\n\t\t\t<dt class='gallery-icon portrait'>\n\t\t\t\t<a href='https:\/\/sheriban-tuerkmen.de\/wp-content\/uploads\/Sorted-White-Wall-II.jpg'><img loading=\"lazy\" decoding=\"async\" width=\"150\" height=\"150\" src=\"https:\/\/sheriban-tuerkmen.de\/wp-content\/uploads\/Sorted-White-Wall-II-150x150.jpg\" class=\"attachment-thumbnail size-thumbnail\" alt=\"\" srcset=\"https:\/\/sheriban-tuerkmen.de\/wp-content\/uploads\/Sorted-White-Wall-II-150x150.jpg 150w, https:\/\/sheriban-tuerkmen.de\/wp-content\/uploads\/Sorted-White-Wall-II-400x400.jpg 400w, https:\/\/sheriban-tuerkmen.de\/wp-content\/uploads\/Sorted-White-Wall-II-100x100.jpg 100w\" sizes=\"(max-width: 150px) 100vw, 150px\" \/><\/a>\n\t\t\t<\/dt><\/dl><dl class='gallery-item'>\n\t\t\t<dt class='gallery-icon landscape'>\n\t\t\t\t<a href='https:\/\/sheriban-tuerkmen.de\/wp-content\/uploads\/Politeia.jpg'><img loading=\"lazy\" decoding=\"async\" width=\"150\" height=\"150\" src=\"https:\/\/sheriban-tuerkmen.de\/wp-content\/uploads\/Politeia-150x150.jpg\" class=\"attachment-thumbnail size-thumbnail\" alt=\"\" srcset=\"https:\/\/sheriban-tuerkmen.de\/wp-content\/uploads\/Politeia-150x150.jpg 150w, https:\/\/sheriban-tuerkmen.de\/wp-content\/uploads\/Politeia-800x800.jpg 800w, https:\/\/sheriban-tuerkmen.de\/wp-content\/uploads\/Politeia-768x768.jpg 768w, https:\/\/sheriban-tuerkmen.de\/wp-content\/uploads\/Politeia-400x400.jpg 400w, https:\/\/sheriban-tuerkmen.de\/wp-content\/uploads\/Politeia-100x100.jpg 100w, https:\/\/sheriban-tuerkmen.de\/wp-content\/uploads\/Politeia-300x300.jpg 300w, https:\/\/sheriban-tuerkmen.de\/wp-content\/uploads\/Politeia-600x600.jpg 600w, https:\/\/sheriban-tuerkmen.de\/wp-content\/uploads\/Politeia.jpg 907w\" sizes=\"(max-width: 150px) 100vw, 150px\" \/><\/a>\n\t\t\t<\/dt><\/dl><br style=\"clear: both\" \/>\n\t\t<\/div>\n<br \/>\n<!--more--><br \/>\n&#8220;Jede bestehende Erscheinung ist eine Sch\u00f6pfung des Denkens&#8221; (Huangbo Xiyun, &#8220;Der Geist des Zen&#8221;)<br \/>\nStrenge Sch\u00f6nheit entsteht nicht aus dem \u00dcberbordenden, sondern aus Reduktion. Reduktion ist eine Form von Abstraktion. Sie versucht, die Dinge auf Wesentliches zur\u00fcckzuf\u00fchren, einen inneren Kern, eine Essenz.<!--more--><\/p>\n<p>Reduktion ist artifiziell. Es gibt zwar Reduktion in der Natur: bei bestimmten Witterungslagen etwa, im Nebel, der die Feinheiten der Struktur aufhebt, oder im Schnee, der nur die \u00e4u\u00dfere Form zur\u00fcckl\u00e4sst &#8230; Aber der eigentliche Ort der Reduktion ist die Kunst.<br \/>\nBei Gebrauchsgegenst\u00e4nden erschlie\u00dft sich der k\u00fcnstlerische Aspekt meist erst, wenn der Gegenstand als Ganzes und seine Funktionalit\u00e4t ausgeblendet werden, also durch eine Verengung des Blicks. Eine Stadt etwa kann faszinieren und inspirieren, aber sie ist nicht &#8211; au\u00dfer in metaphorischer Rede &#8211; Kunst. Das gleiche gilt f\u00fcr einzelne Stra\u00dfen, Pl\u00e4tze, H\u00e4user. Erst das Scharfstellen auf architektonische Details, ein St\u00fcck Fassade, Fenster, eine Lichtreflexion, \u00f6ffnen den Blick f\u00fcr etwas Neues, einen genuin \u00e4sthetischen Blick.<br \/>\nEssenz meint also nicht etwas, das in den Dingen schon angelegt und durch die Kunst aus dem Verborgenen ins Offene gebracht wird. Es geht weder um Mimesis noch um Enth\u00fcllung. Die Reduktion von Komplexit\u00e4t schafft vielmehr einen Freiraum f\u00fcr die imaginative Entfaltung der Sinne, und in diesem Prozess konzentrierter Entspannung entsteht &#8211; Sch\u00f6nheit. Sch\u00f6nheit der abstrakten Form, Linien, Licht, Schatten: Strenge Sch\u00f6nheit, Severe Beauty.<\/p>\n<h2>&#8220;White Wall&#8221;<\/h2>\n<p>Ein Teil der Ausstellung &#8220;Severe Beauty &#8211; Strenge Sch\u00f6nheit&#8221; bilden Fotos der Serie &#8220;White Wall&#8221;. Wei\u00dfe W\u00e4nde sind Projektionsfl\u00e4chen der Fantasie. Licht und Schatten erzeugen geometrische Formen, manchmal streng abgegrenzt, manchmal mit flie\u00dfenden \u00dcberg\u00e4ngen. Die Muster und Strukturen scheinen zuf\u00e4llig, sie variieren je nach dem Stand der Sonne oder dem Ort des Betrachters &#8211; und doch wirken sie bedingt, wie Chiffren einer verborgenen Wirklichkeit. Diese verborgene Wirklichkeit existiert nicht hinter den Dingen, sie ist keine Transzendenz. Sie entsteht vielmehr aus den Assoziationen, den Erfahrungen, W\u00fcnschen und Tr\u00e4umen des Beobachters &#8211; im Prozess der Erstellung und Bearbeitung eines Bildes ebenso wie bei der sp\u00e4teren Betrachtung, immer wieder neu.<br \/>\nDie Bilder der &#8220;White Wall&#8221;-Reihe stehen exemplarisch f\u00fcr das Leitmotiv der Ausstellung &#8220;Severe Beauty &#8211; Strenge Sch\u00f6nheit&#8221;. Eine abstrakte Architekturfotografie, die nicht von etwas, sondern zu etwas abstrahiert, die durch Reduktion einen Freiraum schafft, in dem der Geist immer wieder Neues formen kann.<br \/>\nAlle Bilder der &#8220;White Wall&#8221;-Reihe sind quadratische Graustufenbilder. Die Aufnahmen entstanden zumeist zuf\u00e4llig, bei Spazierg\u00e4ngen durch Berlin und andere St\u00e4dte.<\/p>\n<h2>Kurzbiografie<\/h2>\n<p>Holger Schnell<\/p>\n<ul>\n<li>geboren 1959 in Marburg\/Lahn, aufgewachsen in Siegen<\/li>\n<li>Studium der Evangelischen Theologie, Philosophie und Germanistik in Siegen und Heidelberg<\/li>\n<li>seit 1990 T\u00e4tigkeit als freiberuflicher Lektor und Publizist mit dem Schwerpunkt Kultur-, Literatur- und Filmgeschichte<\/li>\n<li>seit 1998 in Berlin, unterbrochen durch einen f\u00fcnfj\u00e4hrigen Auslandsaufenthalt in der Volksrepublik China<\/li>\n<li>seit 2007 T\u00e4tigkeit als freiberuflicher Fotograf<\/li>\n<\/ul>\n<p>Ausstellungser\u00f6ffnung: Samstag, 30. Januar von 14:00 bis 17:00 Uhr<br \/>\nAusstellungsdauer: Dienstag, 2. Februar 2016 bis Mittwoch, 9. M\u00e4rz 2016<\/p>\n","protected":false},"excerpt":{"rendered":"<p>&#8220;Severe Beauty &#8211; Strenge Sch\u00f6nheit&#8221;<\/p>\n","protected":false},"author":1,"featured_media":1669,"comment_status":"closed","ping_status":"closed","sticky":false,"template":"","format":"standard","meta":{"footnotes":""},"categories":[6],"tags":[],"class_list":["post-1665","post","type-post","status-publish","format-standard","has-post-thumbnail","hentry","category-kuenstler"],"translation":{"provider":"WPGlobus","version":"3.0.0","language":"en","enabled_languages":["de","en"],"languages":{"de":{"title":true,"content":true,"excerpt":false},"en":{"title":false,"content":false,"excerpt":false}}},"yoast_head":"<!-- This site is optimized with the Yoast SEO plugin v23.8 - https:\/\/yoast.com\/wordpress\/plugins\/seo\/ -->\n<title>Ausstellung von Holger Schnel - Sheriban T\u00fcrkmen<\/title>\n<meta name=\"robots\" content=\"index, follow, max-snippet:-1, max-image-preview:large, max-video-preview:-1\" \/>\n<link rel=\"canonical\" href=\"https:\/\/sheriban-tuerkmen.de\/ausstellung-von-holger-schnell\/\" \/>\n<meta property=\"og:locale\" content=\"en_US\" \/>\n<meta property=\"og:type\" content=\"article\" \/>\n<meta property=\"og:title\" content=\"Ausstellung von Holger Schnel - Sheriban T\u00fcrkmen\" \/>\n<meta property=\"og:url\" content=\"https:\/\/sheriban-tuerkmen.de\/ausstellung-von-holger-schnell\/\" \/>\n<meta property=\"og:site_name\" content=\"Sheriban T\u00fcrkmen\" \/>\n<meta property=\"article:published_time\" content=\"2016-01-04T15:46:45+00:00\" \/>\n<meta property=\"article:modified_time\" content=\"2023-03-21T08:49:30+00:00\" \/>\n<meta property=\"og:image\" content=\"https:\/\/sheriban-tuerkmen.de\/wp-content\/uploads\/Implied-Transparency.jpg\" \/>\n\t<meta property=\"og:image:width\" content=\"909\" \/>\n\t<meta property=\"og:image:height\" content=\"605\" \/>\n\t<meta property=\"og:image:type\" content=\"image\/jpeg\" \/>\n<meta name=\"author\" content=\"sven\" \/>\n<meta name=\"twitter:card\" content=\"summary_large_image\" \/>\n<script type=\"application\/ld+json\" class=\"yoast-schema-graph\">{\"@context\":\"https:\/\/schema.org\",\"@graph\":[{\"@type\":\"WebPage\",\"@id\":\"https:\/\/sheriban-tuerkmen.de\/ausstellung-von-holger-schnell\/\",\"url\":\"https:\/\/sheriban-tuerkmen.de\/ausstellung-von-holger-schnell\/\",\"name\":\"Ausstellung von Holger Schnel - Sheriban T\u00fcrkmen\",\"isPartOf\":{\"@id\":\"https:\/\/sheriban-tuerkmen.de\/#website\"},\"primaryImageOfPage\":{\"@id\":\"https:\/\/sheriban-tuerkmen.de\/ausstellung-von-holger-schnell\/#primaryimage\"},\"image\":{\"@id\":\"https:\/\/sheriban-tuerkmen.de\/ausstellung-von-holger-schnell\/#primaryimage\"},\"thumbnailUrl\":\"https:\/\/sheriban-tuerkmen.de\/wp-content\/uploads\/Implied-Transparency.jpg\",\"datePublished\":\"2016-01-04T15:46:45+00:00\",\"dateModified\":\"2023-03-21T08:49:30+00:00\",\"author\":{\"@id\":\"https:\/\/sheriban-tuerkmen.de\/#\/schema\/person\/63aa76c24812884e71151a2266830e07\"},\"breadcrumb\":{\"@id\":\"https:\/\/sheriban-tuerkmen.de\/ausstellung-von-holger-schnell\/#breadcrumb\"},\"inLanguage\":\"en-US\",\"potentialAction\":[{\"@type\":\"ReadAction\",\"target\":[\"https:\/\/sheriban-tuerkmen.de\/ausstellung-von-holger-schnell\/\"]}]},{\"@type\":\"ImageObject\",\"inLanguage\":\"en-US\",\"@id\":\"https:\/\/sheriban-tuerkmen.de\/ausstellung-von-holger-schnell\/#primaryimage\",\"url\":\"https:\/\/sheriban-tuerkmen.de\/wp-content\/uploads\/Implied-Transparency.jpg\",\"contentUrl\":\"https:\/\/sheriban-tuerkmen.de\/wp-content\/uploads\/Implied-Transparency.jpg\",\"width\":909,\"height\":605},{\"@type\":\"BreadcrumbList\",\"@id\":\"https:\/\/sheriban-tuerkmen.de\/ausstellung-von-holger-schnell\/#breadcrumb\",\"itemListElement\":[{\"@type\":\"ListItem\",\"position\":1,\"name\":\"Startseite\",\"item\":\"https:\/\/sheriban-tuerkmen.de\/\"},{\"@type\":\"ListItem\",\"position\":2,\"name\":\"Ausstellung von Holger Schnel\"}]},{\"@type\":\"WebSite\",\"@id\":\"https:\/\/sheriban-tuerkmen.de\/#website\",\"url\":\"https:\/\/sheriban-tuerkmen.de\/\",\"name\":\"Sheriban T\u00fcrkmen\",\"description\":\"\",\"potentialAction\":[{\"@type\":\"SearchAction\",\"target\":{\"@type\":\"EntryPoint\",\"urlTemplate\":\"https:\/\/sheriban-tuerkmen.de\/?s={search_term_string}\"},\"query-input\":{\"@type\":\"PropertyValueSpecification\",\"valueRequired\":true,\"valueName\":\"search_term_string\"}}],\"inLanguage\":\"en-US\"},{\"@type\":\"Person\",\"@id\":\"https:\/\/sheriban-tuerkmen.de\/#\/schema\/person\/63aa76c24812884e71151a2266830e07\",\"name\":\"sven\",\"url\":\"https:\/\/sheriban-tuerkmen.de\/en\/author\/sven\/\"}]}<\/script>\n<!-- \/ Yoast SEO plugin. -->","yoast_head_json":{"title":"Ausstellung von Holger Schnel - Sheriban T\u00fcrkmen","robots":{"index":"index","follow":"follow","max-snippet":"max-snippet:-1","max-image-preview":"max-image-preview:large","max-video-preview":"max-video-preview:-1"},"canonical":"https:\/\/sheriban-tuerkmen.de\/ausstellung-von-holger-schnell\/","og_locale":"en_US","og_type":"article","og_title":"Ausstellung von Holger Schnel - Sheriban T\u00fcrkmen","og_url":"https:\/\/sheriban-tuerkmen.de\/ausstellung-von-holger-schnell\/","og_site_name":"Sheriban T\u00fcrkmen","article_published_time":"2016-01-04T15:46:45+00:00","article_modified_time":"2023-03-21T08:49:30+00:00","og_image":[{"width":909,"height":605,"url":"https:\/\/sheriban-tuerkmen.de\/wp-content\/uploads\/Implied-Transparency.jpg","type":"image\/jpeg"}],"author":"sven","twitter_card":"summary_large_image","schema":{"@context":"https:\/\/schema.org","@graph":[{"@type":"WebPage","@id":"https:\/\/sheriban-tuerkmen.de\/ausstellung-von-holger-schnell\/","url":"https:\/\/sheriban-tuerkmen.de\/ausstellung-von-holger-schnell\/","name":"Ausstellung von Holger Schnel - Sheriban T\u00fcrkmen","isPartOf":{"@id":"https:\/\/sheriban-tuerkmen.de\/#website"},"primaryImageOfPage":{"@id":"https:\/\/sheriban-tuerkmen.de\/ausstellung-von-holger-schnell\/#primaryimage"},"image":{"@id":"https:\/\/sheriban-tuerkmen.de\/ausstellung-von-holger-schnell\/#primaryimage"},"thumbnailUrl":"https:\/\/sheriban-tuerkmen.de\/wp-content\/uploads\/Implied-Transparency.jpg","datePublished":"2016-01-04T15:46:45+00:00","dateModified":"2023-03-21T08:49:30+00:00","author":{"@id":"https:\/\/sheriban-tuerkmen.de\/#\/schema\/person\/63aa76c24812884e71151a2266830e07"},"breadcrumb":{"@id":"https:\/\/sheriban-tuerkmen.de\/ausstellung-von-holger-schnell\/#breadcrumb"},"inLanguage":"en-US","potentialAction":[{"@type":"ReadAction","target":["https:\/\/sheriban-tuerkmen.de\/ausstellung-von-holger-schnell\/"]}]},{"@type":"ImageObject","inLanguage":"en-US","@id":"https:\/\/sheriban-tuerkmen.de\/ausstellung-von-holger-schnell\/#primaryimage","url":"https:\/\/sheriban-tuerkmen.de\/wp-content\/uploads\/Implied-Transparency.jpg","contentUrl":"https:\/\/sheriban-tuerkmen.de\/wp-content\/uploads\/Implied-Transparency.jpg","width":909,"height":605},{"@type":"BreadcrumbList","@id":"https:\/\/sheriban-tuerkmen.de\/ausstellung-von-holger-schnell\/#breadcrumb","itemListElement":[{"@type":"ListItem","position":1,"name":"Startseite","item":"https:\/\/sheriban-tuerkmen.de\/"},{"@type":"ListItem","position":2,"name":"Ausstellung von Holger Schnel"}]},{"@type":"WebSite","@id":"https:\/\/sheriban-tuerkmen.de\/#website","url":"https:\/\/sheriban-tuerkmen.de\/","name":"Sheriban T\u00fcrkmen","description":"","potentialAction":[{"@type":"SearchAction","target":{"@type":"EntryPoint","urlTemplate":"https:\/\/sheriban-tuerkmen.de\/?s={search_term_string}"},"query-input":{"@type":"PropertyValueSpecification","valueRequired":true,"valueName":"search_term_string"}}],"inLanguage":"en-US"},{"@type":"Person","@id":"https:\/\/sheriban-tuerkmen.de\/#\/schema\/person\/63aa76c24812884e71151a2266830e07","name":"sven","url":"https:\/\/sheriban-tuerkmen.de\/en\/author\/sven\/"}]}},"_links":{"self":[{"href":"https:\/\/sheriban-tuerkmen.de\/en\/wp-json\/wp\/v2\/posts\/1665"}],"collection":[{"href":"https:\/\/sheriban-tuerkmen.de\/en\/wp-json\/wp\/v2\/posts"}],"about":[{"href":"https:\/\/sheriban-tuerkmen.de\/en\/wp-json\/wp\/v2\/types\/post"}],"author":[{"embeddable":true,"href":"https:\/\/sheriban-tuerkmen.de\/en\/wp-json\/wp\/v2\/users\/1"}],"replies":[{"embeddable":true,"href":"https:\/\/sheriban-tuerkmen.de\/en\/wp-json\/wp\/v2\/comments?post=1665"}],"version-history":[{"count":6,"href":"https:\/\/sheriban-tuerkmen.de\/en\/wp-json\/wp\/v2\/posts\/1665\/revisions"}],"predecessor-version":[{"id":1905,"href":"https:\/\/sheriban-tuerkmen.de\/en\/wp-json\/wp\/v2\/posts\/1665\/revisions\/1905"}],"wp:featuredmedia":[{"embeddable":true,"href":"https:\/\/sheriban-tuerkmen.de\/en\/wp-json\/wp\/v2\/media\/1669"}],"wp:attachment":[{"href":"https:\/\/sheriban-tuerkmen.de\/en\/wp-json\/wp\/v2\/media?parent=1665"}],"wp:term":[{"taxonomy":"category","embeddable":true,"href":"https:\/\/sheriban-tuerkmen.de\/en\/wp-json\/wp\/v2\/categories?post=1665"},{"taxonomy":"post_tag","embeddable":true,"href":"https:\/\/sheriban-tuerkmen.de\/en\/wp-json\/wp\/v2\/tags?post=1665"}],"curies":[{"name":"wp","href":"https:\/\/api.w.org\/{rel}","templated":true}]}}